{"id":1739,"date":"2020-12-21T14:27:55","date_gmt":"2020-12-21T13:27:55","guid":{"rendered":"https:\/\/blog.entrapolis.com\/els-reis-mags-arriben-amb-cita-previa\/"},"modified":"2025-10-14T12:14:46","modified_gmt":"2025-10-14T10:14:46","slug":"els-reis-mags-arriben-amb-cita-previa","status":"publish","type":"post","link":"https:\/\/blog.entrapolis.com\/ca\/els-reis-mags-arriben-amb-cita-previa\/","title":{"rendered":"Els Reis Mags arriben amb cita pr\u00e8via"},"content":{"rendered":"\n<p>Aquest <strong>Nadal<\/strong>, com la resta del 2020, ser\u00e0 especial i diferent. Mentre estem pendents de l&#8217;evoluci\u00f3 de la pand\u00e8mia i de les mesures i normes que cal atendre per poder doblegar la corba per combatre la propagaci\u00f3 de la Covid-19, els Reis d&#8217;Orient busquen la f\u00f3rmula m\u00e9s adequada per poder atendre tots els nens del m\u00f3n. I com ho faran?<\/p>\n\n\n\n<p>Molt senzill! Els Reis Mags tamb\u00e9 se sumen a la reserva de <strong>cita pr\u00e8via<\/strong> i aix\u00ed assegurar que els regals arribin a les llars amb <strong>Entrapolis<\/strong>.<br>Per descomptat, que la visita no podia faltar!<br>A m\u00e9s, com segurament les entrades seran gratis, <strong>Entrapolis<\/strong> <strong>no cobrar\u00e0 res si els Reis Mags s&#8217;encarreguen de gestionar-ho tot ells mateixos<\/strong>.<\/p>\n\n\n\n<p>Gr\u00e0cies a la plataforma de gesti\u00f3 d&#8217;entrades d&#8217;esdeveniments, Entrapolis, els Reis d&#8217;Orient podran ser visitats pels m\u00e9s petits de les cases evitant les aglomeracions i les llargues esperes. Totes aquelles fam\u00edlies que vulguin veure&#8217;ls ho podran fer! Nom\u00e9s s&#8217;hauran de registrar a la plataforma digital, triar l&#8217;horari i seguir les instruccions dels mateixos organitzadors.<\/p>\n\n\n\n<p>\u00c9s un any ple de reptes i d&#8217;oportunitats on Ses Majestats els Reis d&#8217;Orient tamb\u00e9 s&#8217;han adaptat a les circumst\u00e0ncies de la pand\u00e8mia, aix\u00f2 s\u00ed, amb un somriure d&#8217;orella a orella.<br>Fixa&#8217;t en els municipis seg\u00fcents i com s&#8217;han adaptat a les <strong>restriccions aquest Nadal.<\/strong><\/p>\n\n\n\n<h2 class=\"wp-block-heading\">Els Reis Mags a Lleida<\/h2>\n\n\n\n<figure data-wp-context=\"{&quot;imageId&quot;:&quot;69f156fcccbe7&quot;}\" data-wp-interactive=\"core\/image\" data-wp-key=\"69f156fcccbe7\" class=\"wp-block-image aligncenter wp-lightbox-container\"><picture><source srcset=\"https:\/\/blog.entrapolis.com\/wp-content\/webp-express\/webp-images\/uploads\/2020\/12\/lleida.jpg.webp 585w, https:\/\/blog.entrapolis.com\/wp-content\/webp-express\/webp-images\/uploads\/2020\/12\/lleida-300x127.jpg.webp 300w\" sizes=\"auto, (max-width: 585px) 100vw, 585px\" type=\"image\/webp\"><img alt=\"\" loading=\"lazy\" decoding=\"async\" width=\"585\" height=\"247\" data-wp-class--hide=\"state.isContentHidden\" data-wp-class--show=\"state.isContentVisible\" data-wp-init=\"callbacks.setButtonStyles\" data-wp-on--click=\"actions.showLightbox\" data-wp-on--load=\"callbacks.setButtonStyles\" data-wp-on-window--resize=\"callbacks.setButtonStyles\" src=\"https:\/\/blog.entrapolis.com\/wp-content\/uploads\/2020\/12\/lleida.jpg\" class=\"wp-image-685 webpexpress-processed\" srcset=\"https:\/\/blog.entrapolis.com\/wp-content\/uploads\/2020\/12\/lleida.jpg 585w, https:\/\/blog.entrapolis.com\/wp-content\/uploads\/2020\/12\/lleida-300x127.jpg 300w\" sizes=\"auto, (max-width: 585px) 100vw, 585px\"><\/picture><button\n\t\t\tclass=\"lightbox-trigger\"\n\t\t\ttype=\"button\"\n\t\t\taria-haspopup=\"dialog\"\n\t\t\taria-label=\"Amplia\"\n\t\t\tdata-wp-init=\"callbacks.initTriggerButton\"\n\t\t\tdata-wp-on--click=\"actions.showLightbox\"\n\t\t\tdata-wp-style--right=\"state.imageButtonRight\"\n\t\t\tdata-wp-style--top=\"state.imageButtonTop\"\n\t\t>\n\t\t\t<svg xmlns=\"http:\/\/www.w3.org\/2000\/svg\" width=\"12\" height=\"12\" fill=\"none\" viewBox=\"0 0 12 12\">\n\t\t\t\t<path fill=\"#fff\" d=\"M2 0a2 2 0 0 0-2 2v2h1.5V2a.5.5 0 0 1 .5-.5h2V0H2Zm2 10.5H2a.5.5 0 0 1-.5-.5V8H0v2a2 2 0 0 0 2 2h2v-1.5ZM8 12v-1.5h2a.5.5 0 0 0 .5-.5V8H12v2a2 2 0 0 1-2 2H8Zm2-12a2 2 0 0 1 2 2v2h-1.5V2a.5.5 0 0 0-.5-.5H8V0h2Z\" \/>\n\t\t\t<\/svg>\n\t\t<\/button><\/figure>\n\n\n\n<p>L&#8217;alcalde de <strong>Lleida<\/strong> informava per Twitter que a Lleida els Reis d&#8217;Orient tamb\u00e9 vindran amb cita pr\u00e8via:<br><\/p>\n\n\n\n<h2 class=\"wp-block-heading\">Els Reis Mags a Sant Pere de Vilamajor<\/h2>\n\n\n\n<figure data-wp-context=\"{&quot;imageId&quot;:&quot;69f156fccd773&quot;}\" data-wp-interactive=\"core\/image\" data-wp-key=\"69f156fccd773\" class=\"wp-block-image aligncenter wp-lightbox-container\"><picture><source srcset=\"https:\/\/blog.entrapolis.com\/wp-content\/webp-express\/webp-images\/uploads\/2020\/12\/sant-pere-vilamajor-300x150.jpg.webp 300w, https:\/\/blog.entrapolis.com\/wp-content\/webp-express\/webp-images\/uploads\/2020\/12\/sant-pere-vilamajor-1024x512.jpg.webp 1024w, https:\/\/blog.entrapolis.com\/wp-content\/webp-express\/webp-images\/uploads\/2020\/12\/sant-pere-vilamajor-768x384.jpg.webp 768w, https:\/\/blog.entrapolis.com\/wp-content\/webp-express\/webp-images\/uploads\/2020\/12\/sant-pere-vilamajor.jpg.webp 1183w\" sizes=\"auto, (max-width: 300px) 100vw, 300px\" type=\"image\/webp\"><img alt=\"\" loading=\"lazy\" decoding=\"async\" width=\"300\" height=\"150\" data-wp-class--hide=\"state.isContentHidden\" data-wp-class--show=\"state.isContentVisible\" data-wp-init=\"callbacks.setButtonStyles\" data-wp-on--click=\"actions.showLightbox\" data-wp-on--load=\"callbacks.setButtonStyles\" data-wp-on-window--resize=\"callbacks.setButtonStyles\" src=\"https:\/\/blog.entrapolis.com\/wp-content\/uploads\/2020\/12\/sant-pere-vilamajor-300x150.jpg\" class=\"wp-image-688 webpexpress-processed\" srcset=\"https:\/\/blog.entrapolis.com\/wp-content\/uploads\/2020\/12\/sant-pere-vilamajor-300x150.jpg 300w, https:\/\/blog.entrapolis.com\/wp-content\/uploads\/2020\/12\/sant-pere-vilamajor-1024x512.jpg 1024w, https:\/\/blog.entrapolis.com\/wp-content\/uploads\/2020\/12\/sant-pere-vilamajor-768x384.jpg 768w, https:\/\/blog.entrapolis.com\/wp-content\/uploads\/2020\/12\/sant-pere-vilamajor.jpg 1183w\" sizes=\"auto, (max-width: 300px) 100vw, 300px\"><\/picture><button\n\t\t\tclass=\"lightbox-trigger\"\n\t\t\ttype=\"button\"\n\t\t\taria-haspopup=\"dialog\"\n\t\t\taria-label=\"Amplia\"\n\t\t\tdata-wp-init=\"callbacks.initTriggerButton\"\n\t\t\tdata-wp-on--click=\"actions.showLightbox\"\n\t\t\tdata-wp-style--right=\"state.imageButtonRight\"\n\t\t\tdata-wp-style--top=\"state.imageButtonTop\"\n\t\t>\n\t\t\t<svg xmlns=\"http:\/\/www.w3.org\/2000\/svg\" width=\"12\" height=\"12\" fill=\"none\" viewBox=\"0 0 12 12\">\n\t\t\t\t<path fill=\"#fff\" d=\"M2 0a2 2 0 0 0-2 2v2h1.5V2a.5.5 0 0 1 .5-.5h2V0H2Zm2 10.5H2a.5.5 0 0 1-.5-.5V8H0v2a2 2 0 0 0 2 2h2v-1.5ZM8 12v-1.5h2a.5.5 0 0 0 .5-.5V8H12v2a2 2 0 0 1-2 2H8Zm2-12a2 2 0 0 1 2 2v2h-1.5V2a.5.5 0 0 0-.5-.5H8V0h2Z\" \/>\n\t\t\t<\/svg>\n\t\t<\/button><\/figure>\n\n\n\n<p>El pr\u00f2xim 5 de gener, els Reis Mags d&#8217;Orient arribaran a <a href=\"https:\/\/www.entrapolis.com\/entradas\/reis-mags-SPV\" target=\"_blank\" rel=\"noopener noreferrer\">Sant Pere de Vilamajor<\/a>. Encara que no faran la tradicional cavalcada, s\u00ed que aniran a saludar els m\u00e9s petits a La F\u00e0brica, sempre amb cita pr\u00e8via. <br><\/p>\n\n\n\n<h2 class=\"wp-block-heading\">Els Reis Mags a Poliny\u00e0<\/h2>\n\n\n\n<figure data-wp-context=\"{&quot;imageId&quot;:&quot;69f156fcce261&quot;}\" data-wp-interactive=\"core\/image\" data-wp-key=\"69f156fcce261\" class=\"wp-block-image aligncenter wp-lightbox-container\"><picture><source srcset=\"https:\/\/blog.entrapolis.com\/wp-content\/webp-express\/webp-images\/uploads\/2020\/12\/polinya-300x147.jpg.webp 300w, https:\/\/blog.entrapolis.com\/wp-content\/webp-express\/webp-images\/uploads\/2020\/12\/polinya-1024x500.jpg.webp 1024w, https:\/\/blog.entrapolis.com\/wp-content\/webp-express\/webp-images\/uploads\/2020\/12\/polinya-768x375.jpg.webp 768w, https:\/\/blog.entrapolis.com\/wp-content\/webp-express\/webp-images\/uploads\/2020\/12\/polinya.jpg.webp 1175w\" sizes=\"auto, (max-width: 300px) 100vw, 300px\" type=\"image\/webp\"><img alt=\"\" loading=\"lazy\" decoding=\"async\" width=\"300\" height=\"147\" data-wp-class--hide=\"state.isContentHidden\" data-wp-class--show=\"state.isContentVisible\" data-wp-init=\"callbacks.setButtonStyles\" data-wp-on--click=\"actions.showLightbox\" data-wp-on--load=\"callbacks.setButtonStyles\" data-wp-on-window--resize=\"callbacks.setButtonStyles\" src=\"https:\/\/blog.entrapolis.com\/wp-content\/uploads\/2020\/12\/polinya-300x147.jpg\" class=\"wp-image-689 webpexpress-processed\" srcset=\"https:\/\/blog.entrapolis.com\/wp-content\/uploads\/2020\/12\/polinya-300x147.jpg 300w, https:\/\/blog.entrapolis.com\/wp-content\/uploads\/2020\/12\/polinya-1024x500.jpg 1024w, https:\/\/blog.entrapolis.com\/wp-content\/uploads\/2020\/12\/polinya-768x375.jpg 768w, https:\/\/blog.entrapolis.com\/wp-content\/uploads\/2020\/12\/polinya.jpg 1175w\" sizes=\"auto, (max-width: 300px) 100vw, 300px\"><\/picture><button\n\t\t\tclass=\"lightbox-trigger\"\n\t\t\ttype=\"button\"\n\t\t\taria-haspopup=\"dialog\"\n\t\t\taria-label=\"Amplia\"\n\t\t\tdata-wp-init=\"callbacks.initTriggerButton\"\n\t\t\tdata-wp-on--click=\"actions.showLightbox\"\n\t\t\tdata-wp-style--right=\"state.imageButtonRight\"\n\t\t\tdata-wp-style--top=\"state.imageButtonTop\"\n\t\t>\n\t\t\t<svg xmlns=\"http:\/\/www.w3.org\/2000\/svg\" width=\"12\" height=\"12\" fill=\"none\" viewBox=\"0 0 12 12\">\n\t\t\t\t<path fill=\"#fff\" d=\"M2 0a2 2 0 0 0-2 2v2h1.5V2a.5.5 0 0 1 .5-.5h2V0H2Zm2 10.5H2a.5.5 0 0 1-.5-.5V8H0v2a2 2 0 0 0 2 2h2v-1.5ZM8 12v-1.5h2a.5.5 0 0 0 .5-.5V8H12v2a2 2 0 0 1-2 2H8Zm2-12a2 2 0 0 1 2 2v2h-1.5V2a.5.5 0 0 0-.5-.5H8V0h2Z\" \/>\n\t\t\t<\/svg>\n\t\t<\/button><\/figure>\n\n\n\n<p>A <a href=\"https:\/\/www.entrapolis.com\/entrades\/espectacle-sorpresa-i-visita-dels-tres-reis-mags-dorient-placa-de-la-vila\" target=\"_blank\" rel=\"noopener noreferrer\">Poliny\u00e0<\/a> rebran els tres Mags d&#8217;Orient amb un espectacle visual que tindr\u00e0 lloc a la pla\u00e7a de la Vila.<br><\/p>\n\n\n\n<h2 class=\"wp-block-heading\">Els Reis Mags a Terrassa<\/h2>\n\n\n\n<figure data-wp-context=\"{&quot;imageId&quot;:&quot;69f156fccec88&quot;}\" data-wp-interactive=\"core\/image\" data-wp-key=\"69f156fccec88\" class=\"wp-block-image aligncenter wp-lightbox-container\"><picture><source srcset=\"https:\/\/blog.entrapolis.com\/wp-content\/webp-express\/webp-images\/uploads\/2020\/12\/terrassa-300x256.jpg.webp 300w, https:\/\/blog.entrapolis.com\/wp-content\/webp-express\/webp-images\/uploads\/2020\/12\/terrassa-768x656.jpg.webp 768w, https:\/\/blog.entrapolis.com\/wp-content\/webp-express\/webp-images\/uploads\/2020\/12\/terrassa.jpg.webp 1004w\" sizes=\"auto, (max-width: 300px) 100vw, 300px\" type=\"image\/webp\"><img alt=\"\" loading=\"lazy\" decoding=\"async\" width=\"300\" height=\"256\" data-wp-class--hide=\"state.isContentHidden\" data-wp-class--show=\"state.isContentVisible\" data-wp-init=\"callbacks.setButtonStyles\" data-wp-on--click=\"actions.showLightbox\" data-wp-on--load=\"callbacks.setButtonStyles\" data-wp-on-window--resize=\"callbacks.setButtonStyles\" src=\"https:\/\/blog.entrapolis.com\/wp-content\/uploads\/2020\/12\/terrassa-300x256.jpg\" class=\"wp-image-690 webpexpress-processed\" srcset=\"https:\/\/blog.entrapolis.com\/wp-content\/uploads\/2020\/12\/terrassa-300x256.jpg 300w, https:\/\/blog.entrapolis.com\/wp-content\/uploads\/2020\/12\/terrassa-768x656.jpg 768w, https:\/\/blog.entrapolis.com\/wp-content\/uploads\/2020\/12\/terrassa.jpg 1004w\" sizes=\"auto, (max-width: 300px) 100vw, 300px\"><\/picture><button\n\t\t\tclass=\"lightbox-trigger\"\n\t\t\ttype=\"button\"\n\t\t\taria-haspopup=\"dialog\"\n\t\t\taria-label=\"Amplia\"\n\t\t\tdata-wp-init=\"callbacks.initTriggerButton\"\n\t\t\tdata-wp-on--click=\"actions.showLightbox\"\n\t\t\tdata-wp-style--right=\"state.imageButtonRight\"\n\t\t\tdata-wp-style--top=\"state.imageButtonTop\"\n\t\t>\n\t\t\t<svg xmlns=\"http:\/\/www.w3.org\/2000\/svg\" width=\"12\" height=\"12\" fill=\"none\" viewBox=\"0 0 12 12\">\n\t\t\t\t<path fill=\"#fff\" d=\"M2 0a2 2 0 0 0-2 2v2h1.5V2a.5.5 0 0 1 .5-.5h2V0H2Zm2 10.5H2a.5.5 0 0 1-.5-.5V8H0v2a2 2 0 0 0 2 2h2v-1.5ZM8 12v-1.5h2a.5.5 0 0 0 .5-.5V8H12v2a2 2 0 0 1-2 2H8Zm2-12a2 2 0 0 1 2 2v2h-1.5V2a.5.5 0 0 0-.5-.5H8V0h2Z\" \/>\n\t\t\t<\/svg>\n\t\t<\/button><\/figure>\n\n\n\n<p>Els <strong>Reis de Terrassa<\/strong> sembla que al final arribaran a l&#8217;Estadi Ol\u00edmpic durant la tarda del dia 5 de gener i es faran 3 torns per evitar la massificaci\u00f3.<br><\/p>\n\n\n\n<h2 class=\"wp-block-heading\">Els Reis Mags a Sant Fost de Campsentelles<\/h2>\n\n\n\n<figure data-wp-context=\"{&quot;imageId&quot;:&quot;69f156fccf563&quot;}\" data-wp-interactive=\"core\/image\" data-wp-key=\"69f156fccf563\" class=\"wp-block-image aligncenter wp-lightbox-container\"><picture><source srcset=\"https:\/\/blog.entrapolis.com\/wp-content\/webp-express\/webp-images\/uploads\/2020\/12\/sant-fost-campsentelles-300x153.jpg.webp 300w, https:\/\/blog.entrapolis.com\/wp-content\/webp-express\/webp-images\/uploads\/2020\/12\/sant-fost-campsentelles-1024x524.jpg.webp 1024w, https:\/\/blog.entrapolis.com\/wp-content\/webp-express\/webp-images\/uploads\/2020\/12\/sant-fost-campsentelles-768x393.jpg.webp 768w, https:\/\/blog.entrapolis.com\/wp-content\/webp-express\/webp-images\/uploads\/2020\/12\/sant-fost-campsentelles.jpg.webp 1181w\" sizes=\"auto, (max-width: 300px) 100vw, 300px\" type=\"image\/webp\"><img alt=\"\" loading=\"lazy\" decoding=\"async\" width=\"300\" height=\"153\" data-wp-class--hide=\"state.isContentHidden\" data-wp-class--show=\"state.isContentVisible\" data-wp-init=\"callbacks.setButtonStyles\" data-wp-on--click=\"actions.showLightbox\" data-wp-on--load=\"callbacks.setButtonStyles\" data-wp-on-window--resize=\"callbacks.setButtonStyles\" src=\"https:\/\/blog.entrapolis.com\/wp-content\/uploads\/2020\/12\/sant-fost-campsentelles-300x153.jpg\" class=\"wp-image-691 webpexpress-processed\" srcset=\"https:\/\/blog.entrapolis.com\/wp-content\/uploads\/2020\/12\/sant-fost-campsentelles-300x153.jpg 300w, https:\/\/blog.entrapolis.com\/wp-content\/uploads\/2020\/12\/sant-fost-campsentelles-1024x524.jpg 1024w, https:\/\/blog.entrapolis.com\/wp-content\/uploads\/2020\/12\/sant-fost-campsentelles-768x393.jpg 768w, https:\/\/blog.entrapolis.com\/wp-content\/uploads\/2020\/12\/sant-fost-campsentelles.jpg 1181w\" sizes=\"auto, (max-width: 300px) 100vw, 300px\"><\/picture><button\n\t\t\tclass=\"lightbox-trigger\"\n\t\t\ttype=\"button\"\n\t\t\taria-haspopup=\"dialog\"\n\t\t\taria-label=\"Amplia\"\n\t\t\tdata-wp-init=\"callbacks.initTriggerButton\"\n\t\t\tdata-wp-on--click=\"actions.showLightbox\"\n\t\t\tdata-wp-style--right=\"state.imageButtonRight\"\n\t\t\tdata-wp-style--top=\"state.imageButtonTop\"\n\t\t>\n\t\t\t<svg xmlns=\"http:\/\/www.w3.org\/2000\/svg\" width=\"12\" height=\"12\" fill=\"none\" viewBox=\"0 0 12 12\">\n\t\t\t\t<path fill=\"#fff\" d=\"M2 0a2 2 0 0 0-2 2v2h1.5V2a.5.5 0 0 1 .5-.5h2V0H2Zm2 10.5H2a.5.5 0 0 1-.5-.5V8H0v2a2 2 0 0 0 2 2h2v-1.5ZM8 12v-1.5h2a.5.5 0 0 0 .5-.5V8H12v2a2 2 0 0 1-2 2H8Zm2-12a2 2 0 0 1 2 2v2h-1.5V2a.5.5 0 0 0-.5-.5H8V0h2Z\" \/>\n\t\t\t<\/svg>\n\t\t<\/button><\/figure>\n\n\n\n<p>Els Reis d&#8217;Orient a <a href=\"https:\/\/www.entrapolis.com\/entradas\/recepcio-majestats-reials\" target=\"_blank\" rel=\"noopener noreferrer\">Sant Fost de Campsentelles<\/a> rebran les cartes de tots els nens i nenes de Sant Fost en un dia molt especial per a ells, nom\u00e9s cal reservar entrada.<br><\/p>\n\n\n\n<h2 class=\"wp-block-heading\">Els Reis Mags a Santa Coloma de Cervell\u00f3<\/h2>\n\n\n\n<figure data-wp-context=\"{&quot;imageId&quot;:&quot;69f156fccfded&quot;}\" data-wp-interactive=\"core\/image\" data-wp-key=\"69f156fccfded\" class=\"wp-block-image aligncenter wp-lightbox-container\"><picture><source srcset=\"https:\/\/blog.entrapolis.com\/wp-content\/webp-express\/webp-images\/uploads\/2020\/12\/santa-coloma-cervello-300x143.jpg.webp 300w, https:\/\/blog.entrapolis.com\/wp-content\/webp-express\/webp-images\/uploads\/2020\/12\/santa-coloma-cervello-1024x490.jpg.webp 1024w, https:\/\/blog.entrapolis.com\/wp-content\/webp-express\/webp-images\/uploads\/2020\/12\/santa-coloma-cervello-768x367.jpg.webp 768w, https:\/\/blog.entrapolis.com\/wp-content\/webp-express\/webp-images\/uploads\/2020\/12\/santa-coloma-cervello.jpg.webp 1175w\" sizes=\"auto, (max-width: 300px) 100vw, 300px\" type=\"image\/webp\"><img alt=\"\" loading=\"lazy\" decoding=\"async\" width=\"300\" height=\"143\" data-wp-class--hide=\"state.isContentHidden\" data-wp-class--show=\"state.isContentVisible\" data-wp-init=\"callbacks.setButtonStyles\" data-wp-on--click=\"actions.showLightbox\" data-wp-on--load=\"callbacks.setButtonStyles\" data-wp-on-window--resize=\"callbacks.setButtonStyles\" src=\"https:\/\/blog.entrapolis.com\/wp-content\/uploads\/2020\/12\/santa-coloma-cervello-300x143.jpg\" class=\"wp-image-692 webpexpress-processed\" srcset=\"https:\/\/blog.entrapolis.com\/wp-content\/uploads\/2020\/12\/santa-coloma-cervello-300x143.jpg 300w, https:\/\/blog.entrapolis.com\/wp-content\/uploads\/2020\/12\/santa-coloma-cervello-1024x490.jpg 1024w, https:\/\/blog.entrapolis.com\/wp-content\/uploads\/2020\/12\/santa-coloma-cervello-768x367.jpg 768w, https:\/\/blog.entrapolis.com\/wp-content\/uploads\/2020\/12\/santa-coloma-cervello.jpg 1175w\" sizes=\"auto, (max-width: 300px) 100vw, 300px\"><\/picture><button\n\t\t\tclass=\"lightbox-trigger\"\n\t\t\ttype=\"button\"\n\t\t\taria-haspopup=\"dialog\"\n\t\t\taria-label=\"Amplia\"\n\t\t\tdata-wp-init=\"callbacks.initTriggerButton\"\n\t\t\tdata-wp-on--click=\"actions.showLightbox\"\n\t\t\tdata-wp-style--right=\"state.imageButtonRight\"\n\t\t\tdata-wp-style--top=\"state.imageButtonTop\"\n\t\t>\n\t\t\t<svg xmlns=\"http:\/\/www.w3.org\/2000\/svg\" width=\"12\" height=\"12\" fill=\"none\" viewBox=\"0 0 12 12\">\n\t\t\t\t<path fill=\"#fff\" d=\"M2 0a2 2 0 0 0-2 2v2h1.5V2a.5.5 0 0 1 .5-.5h2V0H2Zm2 10.5H2a.5.5 0 0 1-.5-.5V8H0v2a2 2 0 0 0 2 2h2v-1.5ZM8 12v-1.5h2a.5.5 0 0 0 .5-.5V8H12v2a2 2 0 0 1-2 2H8Zm2-12a2 2 0 0 1 2 2v2h-1.5V2a.5.5 0 0 0-.5-.5H8V0h2Z\" \/>\n\t\t\t<\/svg>\n\t\t<\/button><\/figure>\n\n\n\n<p>El Campament del Rei Melcior arriba a <a href=\"https:\/\/www.entrapolis.com\/entradas\/arriben-els-reisrei-blanc\" target=\"_blank\" rel=\"noopener noreferrer\">Santa Coloma de Cervell\u00f3<\/a> per rebre les cartes. Per acollir tots els nens, cal reservar entrada i triar el rei. <br><\/p>\n\n\n\n<h2 class=\"wp-block-heading\">Els Reis Mags a Guissona<\/h2>\n\n\n\n<figure data-wp-context=\"{&quot;imageId&quot;:&quot;69f156fcd0646&quot;}\" data-wp-interactive=\"core\/image\" data-wp-key=\"69f156fcd0646\" class=\"wp-block-image aligncenter wp-lightbox-container\"><picture><source srcset=\"https:\/\/blog.entrapolis.com\/wp-content\/webp-express\/webp-images\/uploads\/2020\/12\/guissona-300x142.jpg.webp 300w, https:\/\/blog.entrapolis.com\/wp-content\/webp-express\/webp-images\/uploads\/2020\/12\/guissona-1024x484.jpg.webp 1024w, https:\/\/blog.entrapolis.com\/wp-content\/webp-express\/webp-images\/uploads\/2020\/12\/guissona-768x363.jpg.webp 768w, https:\/\/blog.entrapolis.com\/wp-content\/webp-express\/webp-images\/uploads\/2020\/12\/guissona.jpg.webp 1171w\" sizes=\"auto, (max-width: 300px) 100vw, 300px\" type=\"image\/webp\"><img alt=\"\" loading=\"lazy\" decoding=\"async\" width=\"300\" height=\"142\" data-wp-class--hide=\"state.isContentHidden\" data-wp-class--show=\"state.isContentVisible\" data-wp-init=\"callbacks.setButtonStyles\" data-wp-on--click=\"actions.showLightbox\" data-wp-on--load=\"callbacks.setButtonStyles\" data-wp-on-window--resize=\"callbacks.setButtonStyles\" src=\"https:\/\/blog.entrapolis.com\/wp-content\/uploads\/2020\/12\/guissona-300x142.jpg\" class=\"wp-image-693 webpexpress-processed\" srcset=\"https:\/\/blog.entrapolis.com\/wp-content\/uploads\/2020\/12\/guissona-300x142.jpg 300w, https:\/\/blog.entrapolis.com\/wp-content\/uploads\/2020\/12\/guissona-1024x484.jpg 1024w, https:\/\/blog.entrapolis.com\/wp-content\/uploads\/2020\/12\/guissona-768x363.jpg 768w, https:\/\/blog.entrapolis.com\/wp-content\/uploads\/2020\/12\/guissona.jpg 1171w\" sizes=\"auto, (max-width: 300px) 100vw, 300px\"><\/picture><button\n\t\t\tclass=\"lightbox-trigger\"\n\t\t\ttype=\"button\"\n\t\t\taria-haspopup=\"dialog\"\n\t\t\taria-label=\"Amplia\"\n\t\t\tdata-wp-init=\"callbacks.initTriggerButton\"\n\t\t\tdata-wp-on--click=\"actions.showLightbox\"\n\t\t\tdata-wp-style--right=\"state.imageButtonRight\"\n\t\t\tdata-wp-style--top=\"state.imageButtonTop\"\n\t\t>\n\t\t\t<svg xmlns=\"http:\/\/www.w3.org\/2000\/svg\" width=\"12\" height=\"12\" fill=\"none\" viewBox=\"0 0 12 12\">\n\t\t\t\t<path fill=\"#fff\" d=\"M2 0a2 2 0 0 0-2 2v2h1.5V2a.5.5 0 0 1 .5-.5h2V0H2Zm2 10.5H2a.5.5 0 0 1-.5-.5V8H0v2a2 2 0 0 0 2 2h2v-1.5ZM8 12v-1.5h2a.5.5 0 0 0 .5-.5V8H12v2a2 2 0 0 1-2 2H8Zm2-12a2 2 0 0 1 2 2v2h-1.5V2a.5.5 0 0 0-.5-.5H8V0h2Z\" \/>\n\t\t\t<\/svg>\n\t\t<\/button><\/figure>\n\n\n\n<p>L&#8217;arribada dels Reis a <a href=\"https:\/\/www.entrapolis.com\/entradas\/reisaguissona\" target=\"_blank\" rel=\"noopener noreferrer\">Guissona<\/a> tamb\u00e9 ser\u00e0 diferent d&#8217;altres anys, per\u00f2, aix\u00ed i tot, ens asseguren que els nens rebran els seus regals i tamb\u00e9 podran anar a veure&#8217;ls. <\/p>\n\n\n\n<p>Fins i tot el Ti\u00f3 de Nadal aquest any es fa amb cita pr\u00e8via.<\/p>\n\n\n\n<h2 class=\"wp-block-heading\">El Ti\u00f3 a Sant Boi de Llobregat<\/h2>\n\n\n\n<p>Sant Boi de Llobregat \u00e9s un exemple clar de com el Ti\u00f3 de Nadal arriba als diferents barris del municipi a franges de 15 minuts per garantir l&#8217;entrada escalonada i aix\u00ed evitar aglomeracions.<\/p>\n\n\n\n<figure data-wp-context=\"{&quot;imageId&quot;:&quot;69f156fcd114e&quot;}\" data-wp-interactive=\"core\/image\" data-wp-key=\"69f156fcd114e\" class=\"wp-block-image aligncenter wp-lightbox-container\"><picture><source srcset=\"https:\/\/blog.entrapolis.com\/wp-content\/webp-express\/webp-images\/uploads\/2020\/12\/sant-boi-llobregat-300x254.jpg.webp 300w, https:\/\/blog.entrapolis.com\/wp-content\/webp-express\/webp-images\/uploads\/2020\/12\/sant-boi-llobregat-1024x868.jpg.webp 1024w, https:\/\/blog.entrapolis.com\/wp-content\/webp-express\/webp-images\/uploads\/2020\/12\/sant-boi-llobregat-768x651.jpg.webp 768w, https:\/\/blog.entrapolis.com\/wp-content\/webp-express\/webp-images\/uploads\/2020\/12\/sant-boi-llobregat.jpg.webp 1191w\" sizes=\"auto, (max-width: 300px) 100vw, 300px\" type=\"image\/webp\"><img alt=\"\" loading=\"lazy\" decoding=\"async\" width=\"300\" height=\"254\" data-wp-class--hide=\"state.isContentHidden\" data-wp-class--show=\"state.isContentVisible\" data-wp-init=\"callbacks.setButtonStyles\" data-wp-on--click=\"actions.showLightbox\" data-wp-on--load=\"callbacks.setButtonStyles\" data-wp-on-window--resize=\"callbacks.setButtonStyles\" src=\"https:\/\/blog.entrapolis.com\/wp-content\/uploads\/2020\/12\/sant-boi-llobregat-300x254.jpg\" class=\"wp-image-694 webpexpress-processed\" srcset=\"https:\/\/blog.entrapolis.com\/wp-content\/uploads\/2020\/12\/sant-boi-llobregat-300x254.jpg 300w, https:\/\/blog.entrapolis.com\/wp-content\/uploads\/2020\/12\/sant-boi-llobregat-1024x868.jpg 1024w, https:\/\/blog.entrapolis.com\/wp-content\/uploads\/2020\/12\/sant-boi-llobregat-768x651.jpg 768w, https:\/\/blog.entrapolis.com\/wp-content\/uploads\/2020\/12\/sant-boi-llobregat.jpg 1191w\" sizes=\"auto, (max-width: 300px) 100vw, 300px\"><\/picture><button\n\t\t\tclass=\"lightbox-trigger\"\n\t\t\ttype=\"button\"\n\t\t\taria-haspopup=\"dialog\"\n\t\t\taria-label=\"Amplia\"\n\t\t\tdata-wp-init=\"callbacks.initTriggerButton\"\n\t\t\tdata-wp-on--click=\"actions.showLightbox\"\n\t\t\tdata-wp-style--right=\"state.imageButtonRight\"\n\t\t\tdata-wp-style--top=\"state.imageButtonTop\"\n\t\t>\n\t\t\t<svg xmlns=\"http:\/\/www.w3.org\/2000\/svg\" width=\"12\" height=\"12\" fill=\"none\" viewBox=\"0 0 12 12\">\n\t\t\t\t<path fill=\"#fff\" d=\"M2 0a2 2 0 0 0-2 2v2h1.5V2a.5.5 0 0 1 .5-.5h2V0H2Zm2 10.5H2a.5.5 0 0 1-.5-.5V8H0v2a2 2 0 0 0 2 2h2v-1.5ZM8 12v-1.5h2a.5.5 0 0 0 .5-.5V8H12v2a2 2 0 0 1-2 2H8Zm2-12a2 2 0 0 1 2 2v2h-1.5V2a.5.5 0 0 0-.5-.5H8V0h2Z\" \/>\n\t\t\t<\/svg>\n\t\t<\/button><\/figure>\n\n\n\n<h2 class=\"wp-block-heading\">El Ti\u00f3 a Alella<\/h2>\n\n\n\n<figure data-wp-context=\"{&quot;imageId&quot;:&quot;69f156fcd18a3&quot;}\" data-wp-interactive=\"core\/image\" data-wp-key=\"69f156fcd18a3\" class=\"wp-block-image aligncenter wp-lightbox-container\"><picture><source srcset=\"https:\/\/blog.entrapolis.com\/wp-content\/webp-express\/webp-images\/uploads\/2020\/12\/alella-300x188.jpg.webp 300w, https:\/\/blog.entrapolis.com\/wp-content\/webp-express\/webp-images\/uploads\/2020\/12\/alella-1024x640.jpg.webp 1024w, https:\/\/blog.entrapolis.com\/wp-content\/webp-express\/webp-images\/uploads\/2020\/12\/alella-768x480.jpg.webp 768w, https:\/\/blog.entrapolis.com\/wp-content\/webp-express\/webp-images\/uploads\/2020\/12\/alella.jpg.webp 1187w\" sizes=\"auto, (max-width: 300px) 100vw, 300px\" type=\"image\/webp\"><img alt=\"\" loading=\"lazy\" decoding=\"async\" width=\"300\" height=\"188\" data-wp-class--hide=\"state.isContentHidden\" data-wp-class--show=\"state.isContentVisible\" data-wp-init=\"callbacks.setButtonStyles\" data-wp-on--click=\"actions.showLightbox\" data-wp-on--load=\"callbacks.setButtonStyles\" data-wp-on-window--resize=\"callbacks.setButtonStyles\" src=\"https:\/\/blog.entrapolis.com\/wp-content\/uploads\/2020\/12\/alella-300x188.jpg\" class=\"wp-image-695 webpexpress-processed\" srcset=\"https:\/\/blog.entrapolis.com\/wp-content\/uploads\/2020\/12\/alella-300x188.jpg 300w, https:\/\/blog.entrapolis.com\/wp-content\/uploads\/2020\/12\/alella-1024x640.jpg 1024w, https:\/\/blog.entrapolis.com\/wp-content\/uploads\/2020\/12\/alella-768x480.jpg 768w, https:\/\/blog.entrapolis.com\/wp-content\/uploads\/2020\/12\/alella.jpg 1187w\" sizes=\"auto, (max-width: 300px) 100vw, 300px\"><\/picture><button\n\t\t\tclass=\"lightbox-trigger\"\n\t\t\ttype=\"button\"\n\t\t\taria-haspopup=\"dialog\"\n\t\t\taria-label=\"Amplia\"\n\t\t\tdata-wp-init=\"callbacks.initTriggerButton\"\n\t\t\tdata-wp-on--click=\"actions.showLightbox\"\n\t\t\tdata-wp-style--right=\"state.imageButtonRight\"\n\t\t\tdata-wp-style--top=\"state.imageButtonTop\"\n\t\t>\n\t\t\t<svg xmlns=\"http:\/\/www.w3.org\/2000\/svg\" width=\"12\" height=\"12\" fill=\"none\" viewBox=\"0 0 12 12\">\n\t\t\t\t<path fill=\"#fff\" d=\"M2 0a2 2 0 0 0-2 2v2h1.5V2a.5.5 0 0 1 .5-.5h2V0H2Zm2 10.5H2a.5.5 0 0 1-.5-.5V8H0v2a2 2 0 0 0 2 2h2v-1.5ZM8 12v-1.5h2a.5.5 0 0 0 .5-.5V8H12v2a2 2 0 0 1-2 2H8Zm2-12a2 2 0 0 1 2 2v2h-1.5V2a.5.5 0 0 0-.5-.5H8V0h2Z\" \/>\n\t\t\t<\/svg>\n\t\t<\/button><\/figure>\n\n\n\n<p>Els nens d&#8217;<a href=\"https:\/\/www.entrapolis.com\/entradas\/fem-cagar-el-tio-pati-de-can-lleonart\" target=\"_blank\" rel=\"noopener noreferrer\">Alella<\/a> podran fer cagar el Ti\u00f3 i passar una bona estona amb els jocs infantils, activitats que s&#8217;han organitzat a trav\u00e9s de la cita pr\u00e8via.<br><\/p>\n\n\n\n<h2 class=\"wp-block-heading\">El Ti\u00f3 a Ripoll<\/h2>\n\n\n\n<p>A <a href=\"https:\/\/www.entrapolis.com\/entradas\/caga-tio-esglesia-de-sant-pere\" target=\"_blank\" rel=\"noopener noreferrer\">Ripoll<\/a> el Ti\u00f3 tamb\u00e9 arriba amb reserva pr\u00e8via, cal reservar hora nom\u00e9s per a la nena o el nen que vulgui fer cagar el Ti\u00f3.<\/p>\n\n\n\n<figure data-wp-context=\"{&quot;imageId&quot;:&quot;69f156fcd2168&quot;}\" data-wp-interactive=\"core\/image\" data-wp-key=\"69f156fcd2168\" class=\"wp-block-image aligncenter wp-lightbox-container\"><picture><source srcset=\"https:\/\/blog.entrapolis.com\/wp-content\/webp-express\/webp-images\/uploads\/2020\/12\/ripoll-300x143.jpg.webp 300w, https:\/\/blog.entrapolis.com\/wp-content\/webp-express\/webp-images\/uploads\/2020\/12\/ripoll-1024x487.jpg.webp 1024w, https:\/\/blog.entrapolis.com\/wp-content\/webp-express\/webp-images\/uploads\/2020\/12\/ripoll-768x365.jpg.webp 768w, https:\/\/blog.entrapolis.com\/wp-content\/webp-express\/webp-images\/uploads\/2020\/12\/ripoll.jpg.webp 1192w\" sizes=\"auto, (max-width: 300px) 100vw, 300px\" type=\"image\/webp\"><img alt=\"\" loading=\"lazy\" decoding=\"async\" width=\"300\" height=\"143\" data-wp-class--hide=\"state.isContentHidden\" data-wp-class--show=\"state.isContentVisible\" data-wp-init=\"callbacks.setButtonStyles\" data-wp-on--click=\"actions.showLightbox\" data-wp-on--load=\"callbacks.setButtonStyles\" data-wp-on-window--resize=\"callbacks.setButtonStyles\" src=\"https:\/\/blog.entrapolis.com\/wp-content\/uploads\/2020\/12\/ripoll-300x143.jpg\" class=\"wp-image-696 webpexpress-processed\" srcset=\"https:\/\/blog.entrapolis.com\/wp-content\/uploads\/2020\/12\/ripoll-300x143.jpg 300w, https:\/\/blog.entrapolis.com\/wp-content\/uploads\/2020\/12\/ripoll-1024x487.jpg 1024w, https:\/\/blog.entrapolis.com\/wp-content\/uploads\/2020\/12\/ripoll-768x365.jpg 768w, https:\/\/blog.entrapolis.com\/wp-content\/uploads\/2020\/12\/ripoll.jpg 1192w\" sizes=\"auto, (max-width: 300px) 100vw, 300px\"><\/picture><button\n\t\t\tclass=\"lightbox-trigger\"\n\t\t\ttype=\"button\"\n\t\t\taria-haspopup=\"dialog\"\n\t\t\taria-label=\"Amplia\"\n\t\t\tdata-wp-init=\"callbacks.initTriggerButton\"\n\t\t\tdata-wp-on--click=\"actions.showLightbox\"\n\t\t\tdata-wp-style--right=\"state.imageButtonRight\"\n\t\t\tdata-wp-style--top=\"state.imageButtonTop\"\n\t\t>\n\t\t\t<svg xmlns=\"http:\/\/www.w3.org\/2000\/svg\" width=\"12\" height=\"12\" fill=\"none\" viewBox=\"0 0 12 12\">\n\t\t\t\t<path fill=\"#fff\" d=\"M2 0a2 2 0 0 0-2 2v2h1.5V2a.5.5 0 0 1 .5-.5h2V0H2Zm2 10.5H2a.5.5 0 0 1-.5-.5V8H0v2a2 2 0 0 0 2 2h2v-1.5ZM8 12v-1.5h2a.5.5 0 0 0 .5-.5V8H12v2a2 2 0 0 1-2 2H8Zm2-12a2 2 0 0 1 2 2v2h-1.5V2a.5.5 0 0 0-.5-.5H8V0h2Z\" \/>\n\t\t\t<\/svg>\n\t\t<\/button><\/figure>\n\n\n\n<p>I tamb\u00e9 s&#8217;han organitzat les activitats culturals de Nadal.<br><\/p>\n\n\n\n<h2 class=\"wp-block-heading\">Els Reis Mags a Olesa de Montserrat<\/h2>\n\n\n\n<p><a href=\"https:\/\/www.entrapolis.com\/organitzador\/Ajuntament-Olesa-de-Montserrat\" target=\"_blank\" rel=\"noopener noreferrer\">Olesa de Montserrat<\/a> ha organitzat tant el Ti\u00f3, l&#8217;arribada del Patge Viu-viu i la Benvinguda als Reis Mags amb el format de cita pr\u00e8via.<\/p>\n\n\n\n<figure data-wp-context=\"{&quot;imageId&quot;:&quot;69f156fcd2aa9&quot;}\" data-wp-interactive=\"core\/image\" data-wp-key=\"69f156fcd2aa9\" class=\"wp-block-image aligncenter size-medium wp-lightbox-container\"><picture><source srcset=\"https:\/\/blog.entrapolis.com\/wp-content\/webp-express\/webp-images\/uploads\/2020\/12\/olesa-300x187.jpg.webp 300w, https:\/\/blog.entrapolis.com\/wp-content\/webp-express\/webp-images\/uploads\/2020\/12\/olesa-768x478.jpg.webp 768w, https:\/\/blog.entrapolis.com\/wp-content\/webp-express\/webp-images\/uploads\/2020\/12\/olesa.jpg.webp 885w\" sizes=\"auto, (max-width: 300px) 100vw, 300px\" type=\"image\/webp\"><img alt=\"\" loading=\"lazy\" decoding=\"async\" width=\"300\" height=\"187\" data-wp-class--hide=\"state.isContentHidden\" data-wp-class--show=\"state.isContentVisible\" data-wp-init=\"callbacks.setButtonStyles\" data-wp-on--click=\"actions.showLightbox\" data-wp-on--load=\"callbacks.setButtonStyles\" data-wp-on-window--resize=\"callbacks.setButtonStyles\" src=\"https:\/\/blog.entrapolis.com\/wp-content\/uploads\/2020\/12\/olesa-300x187.jpg\" class=\"wp-image-697 webpexpress-processed\" srcset=\"https:\/\/blog.entrapolis.com\/wp-content\/uploads\/2020\/12\/olesa-300x187.jpg 300w, https:\/\/blog.entrapolis.com\/wp-content\/uploads\/2020\/12\/olesa-768x478.jpg 768w, https:\/\/blog.entrapolis.com\/wp-content\/uploads\/2020\/12\/olesa.jpg 885w\" sizes=\"auto, (max-width: 300px) 100vw, 300px\"><\/picture><button\n\t\t\tclass=\"lightbox-trigger\"\n\t\t\ttype=\"button\"\n\t\t\taria-haspopup=\"dialog\"\n\t\t\taria-label=\"Amplia\"\n\t\t\tdata-wp-init=\"callbacks.initTriggerButton\"\n\t\t\tdata-wp-on--click=\"actions.showLightbox\"\n\t\t\tdata-wp-style--right=\"state.imageButtonRight\"\n\t\t\tdata-wp-style--top=\"state.imageButtonTop\"\n\t\t>\n\t\t\t<svg xmlns=\"http:\/\/www.w3.org\/2000\/svg\" width=\"12\" height=\"12\" fill=\"none\" viewBox=\"0 0 12 12\">\n\t\t\t\t<path fill=\"#fff\" d=\"M2 0a2 2 0 0 0-2 2v2h1.5V2a.5.5 0 0 1 .5-.5h2V0H2Zm2 10.5H2a.5.5 0 0 1-.5-.5V8H0v2a2 2 0 0 0 2 2h2v-1.5ZM8 12v-1.5h2a.5.5 0 0 0 .5-.5V8H12v2a2 2 0 0 1-2 2H8Zm2-12a2 2 0 0 1 2 2v2h-1.5V2a.5.5 0 0 0-.5-.5H8V0h2Z\" \/>\n\t\t\t<\/svg>\n\t\t<\/button><\/figure>\n\n\n\n<p><\/p>\n\n\n\n<h2 class=\"wp-block-heading\">Els Reis Mags a Montgat<\/h2>\n\n\n\n<p>L&#8217;<a href=\"https:\/\/www.entrapolis.com\/organitzador\/ajuntament-de-montgat\" target=\"_blank\" rel=\"noopener noreferrer\">Ajuntament de Montgat<\/a> tamb\u00e9 s&#8217;ha sumat a organitzar un Nadal amb cita pr\u00e8via, des de tallers fins a la benvinguda als Reis Mags.<\/p>\n\n\n\n<figure data-wp-context=\"{&quot;imageId&quot;:&quot;69f156fcd3240&quot;}\" data-wp-interactive=\"core\/image\" data-wp-key=\"69f156fcd3240\" class=\"wp-block-image aligncenter size-medium wp-lightbox-container\"><picture><source srcset=\"https:\/\/blog.entrapolis.com\/wp-content\/webp-express\/webp-images\/uploads\/2020\/12\/montgat-300x261.png.webp 300w, https:\/\/blog.entrapolis.com\/wp-content\/webp-express\/webp-images\/uploads\/2020\/12\/montgat-1024x890.png.webp 1024w, https:\/\/blog.entrapolis.com\/wp-content\/webp-express\/webp-images\/uploads\/2020\/12\/montgat-768x668.png.webp 768w, https:\/\/blog.entrapolis.com\/wp-content\/webp-express\/webp-images\/uploads\/2020\/12\/montgat.png.webp 1186w\" sizes=\"auto, (max-width: 300px) 100vw, 300px\" type=\"image\/webp\"><img alt=\"\" loading=\"lazy\" decoding=\"async\" width=\"300\" height=\"261\" data-wp-class--hide=\"state.isContentHidden\" data-wp-class--show=\"state.isContentVisible\" data-wp-init=\"callbacks.setButtonStyles\" data-wp-on--click=\"actions.showLightbox\" data-wp-on--load=\"callbacks.setButtonStyles\" data-wp-on-window--resize=\"callbacks.setButtonStyles\" src=\"https:\/\/blog.entrapolis.com\/wp-content\/uploads\/2020\/12\/montgat-300x261.png\" class=\"wp-image-698 webpexpress-processed\" srcset=\"https:\/\/blog.entrapolis.com\/wp-content\/uploads\/2020\/12\/montgat-300x261.png 300w, https:\/\/blog.entrapolis.com\/wp-content\/uploads\/2020\/12\/montgat-1024x890.png 1024w, https:\/\/blog.entrapolis.com\/wp-content\/uploads\/2020\/12\/montgat-768x668.png 768w, https:\/\/blog.entrapolis.com\/wp-content\/uploads\/2020\/12\/montgat.png 1186w\" sizes=\"auto, (max-width: 300px) 100vw, 300px\"><\/picture><button\n\t\t\tclass=\"lightbox-trigger\"\n\t\t\ttype=\"button\"\n\t\t\taria-haspopup=\"dialog\"\n\t\t\taria-label=\"Amplia\"\n\t\t\tdata-wp-init=\"callbacks.initTriggerButton\"\n\t\t\tdata-wp-on--click=\"actions.showLightbox\"\n\t\t\tdata-wp-style--right=\"state.imageButtonRight\"\n\t\t\tdata-wp-style--top=\"state.imageButtonTop\"\n\t\t>\n\t\t\t<svg xmlns=\"http:\/\/www.w3.org\/2000\/svg\" width=\"12\" height=\"12\" fill=\"none\" viewBox=\"0 0 12 12\">\n\t\t\t\t<path fill=\"#fff\" d=\"M2 0a2 2 0 0 0-2 2v2h1.5V2a.5.5 0 0 1 .5-.5h2V0H2Zm2 10.5H2a.5.5 0 0 1-.5-.5V8H0v2a2 2 0 0 0 2 2h2v-1.5ZM8 12v-1.5h2a.5.5 0 0 0 .5-.5V8H12v2a2 2 0 0 1-2 2H8Zm2-12a2 2 0 0 1 2 2v2h-1.5V2a.5.5 0 0 0-.5-.5H8V0h2Z\" \/>\n\t\t\t<\/svg>\n\t\t<\/button><\/figure>\n\n\n\n<p><\/p>\n\n\n\n<figure data-wp-context=\"{&quot;imageId&quot;:&quot;69f156fcd3895&quot;}\" data-wp-interactive=\"core\/image\" data-wp-key=\"69f156fcd3895\" class=\"wp-block-image aligncenter size-medium wp-lightbox-container\"><picture><source srcset=\"https:\/\/blog.entrapolis.com\/wp-content\/webp-express\/webp-images\/uploads\/2020\/12\/tiana-300x248.jpg.webp 300w, https:\/\/blog.entrapolis.com\/wp-content\/webp-express\/webp-images\/uploads\/2020\/12\/tiana-1024x846.jpg.webp 1024w, https:\/\/blog.entrapolis.com\/wp-content\/webp-express\/webp-images\/uploads\/2020\/12\/tiana-768x635.jpg.webp 768w, https:\/\/blog.entrapolis.com\/wp-content\/webp-express\/webp-images\/uploads\/2020\/12\/tiana.jpg.webp 1164w\" sizes=\"auto, (max-width: 300px) 100vw, 300px\" type=\"image\/webp\"><img alt=\"\" loading=\"lazy\" decoding=\"async\" width=\"300\" height=\"248\" data-wp-class--hide=\"state.isContentHidden\" data-wp-class--show=\"state.isContentVisible\" data-wp-init=\"callbacks.setButtonStyles\" data-wp-on--click=\"actions.showLightbox\" data-wp-on--load=\"callbacks.setButtonStyles\" data-wp-on-window--resize=\"callbacks.setButtonStyles\" src=\"https:\/\/blog.entrapolis.com\/wp-content\/uploads\/2020\/12\/tiana-300x248.jpg\" class=\"wp-image-699 webpexpress-processed\" srcset=\"https:\/\/blog.entrapolis.com\/wp-content\/uploads\/2020\/12\/tiana-300x248.jpg 300w, https:\/\/blog.entrapolis.com\/wp-content\/uploads\/2020\/12\/tiana-1024x846.jpg 1024w, https:\/\/blog.entrapolis.com\/wp-content\/uploads\/2020\/12\/tiana-768x635.jpg 768w, https:\/\/blog.entrapolis.com\/wp-content\/uploads\/2020\/12\/tiana.jpg 1164w\" sizes=\"auto, (max-width: 300px) 100vw, 300px\"><\/picture><button\n\t\t\tclass=\"lightbox-trigger\"\n\t\t\ttype=\"button\"\n\t\t\taria-haspopup=\"dialog\"\n\t\t\taria-label=\"Amplia\"\n\t\t\tdata-wp-init=\"callbacks.initTriggerButton\"\n\t\t\tdata-wp-on--click=\"actions.showLightbox\"\n\t\t\tdata-wp-style--right=\"state.imageButtonRight\"\n\t\t\tdata-wp-style--top=\"state.imageButtonTop\"\n\t\t>\n\t\t\t<svg xmlns=\"http:\/\/www.w3.org\/2000\/svg\" width=\"12\" height=\"12\" fill=\"none\" viewBox=\"0 0 12 12\">\n\t\t\t\t<path fill=\"#fff\" d=\"M2 0a2 2 0 0 0-2 2v2h1.5V2a.5.5 0 0 1 .5-.5h2V0H2Zm2 10.5H2a.5.5 0 0 1-.5-.5V8H0v2a2 2 0 0 0 2 2h2v-1.5ZM8 12v-1.5h2a.5.5 0 0 0 .5-.5V8H12v2a2 2 0 0 1-2 2H8Zm2-12a2 2 0 0 1 2 2v2h-1.5V2a.5.5 0 0 0-.5-.5H8V0h2Z\" \/>\n\t\t\t<\/svg>\n\t\t<\/button><\/figure>\n\n\n\n<p>Als Reis d&#8217;Orient i al Ti\u00f3 de Nadal hem de sumar les ja tradicionals Fires de Nadal. \u00c9s el cas de <strong>Tiana<\/strong> on la Fira s&#8217;ha celebrat aquest any al Parc de l&#8217;antic camp de futbol per complir amb les recomanacions de seguretat davant de la Covid-19 l&#8217;acc\u00e9s a la Fira es va dur a terme amb reserva d&#8217;entrades. <br><\/p>\n\n\n\n<p>Al teu municipi encara no ha arribat la reserva de cita pr\u00e8via per visitar els Reis d&#8217;Orient? El Ti\u00f3 o les Fires de Nadal? <a href=\"https:\/\/www.entrapolis.com\/es\/contactar\/\" target=\"_blank\" rel=\"noopener noreferrer\">Posa&#8217;t en contacte amb Entrapolis<\/a> i ajudarem Ses Majestats a portar la m\u00e0gia al teu municipi!<\/p>\n\n\n\n<p><\/p>\n","protected":false},"excerpt":{"rendered":"<p>Aquest Nadal, com la resta del 2020, ser\u00e0 especial i diferent. Mentre estem pendents de l&#8217;evoluci\u00f3 de la pand\u00e8mia i de les mesures i normes que cal atendre per poder doblegar la corba per combatre la propagaci\u00f3 de la Covid-19, els Reis d&#8217;Orient busquen la f\u00f3rmula m\u00e9s adequada per poder atendre tots els nens del [&hellip;]<\/p>\n","protected":false},"author":11,"featured_media":1262,"comment_status":"open","ping_status":"open","sticky":false,"template":"","format":"standard","meta":{"_seopress_robots_primary_cat":"","_seopress_titles_title":"","_seopress_titles_desc":"","_seopress_robots_index":"","footnotes":""},"categories":[1],"tags":[22],"class_list":["post-1739","post","type-post","status-publish","format-standard","has-post-thumbnail","hentry","category-general","tag-organizadores-ca"],"_links":{"self":[{"href":"https:\/\/blog.entrapolis.com\/ca\/wp-json\/wp\/v2\/posts\/1739","targetHints":{"allow":["GET"]}}],"collection":[{"href":"https:\/\/blog.entrapolis.com\/ca\/wp-json\/wp\/v2\/posts"}],"about":[{"href":"https:\/\/blog.entrapolis.com\/ca\/wp-json\/wp\/v2\/types\/post"}],"author":[{"embeddable":true,"href":"https:\/\/blog.entrapolis.com\/ca\/wp-json\/wp\/v2\/users\/11"}],"replies":[{"embeddable":true,"href":"https:\/\/blog.entrapolis.com\/ca\/wp-json\/wp\/v2\/comments?post=1739"}],"version-history":[{"count":0,"href":"https:\/\/blog.entrapolis.com\/ca\/wp-json\/wp\/v2\/posts\/1739\/revisions"}],"wp:featuredmedia":[{"embeddable":true,"href":"https:\/\/blog.entrapolis.com\/ca\/wp-json\/wp\/v2\/media\/1262"}],"wp:attachment":[{"href":"https:\/\/blog.entrapolis.com\/ca\/wp-json\/wp\/v2\/media?parent=1739"}],"wp:term":[{"taxonomy":"category","embeddable":true,"href":"https:\/\/blog.entrapolis.com\/ca\/wp-json\/wp\/v2\/categories?post=1739"},{"taxonomy":"post_tag","embeddable":true,"href":"https:\/\/blog.entrapolis.com\/ca\/wp-json\/wp\/v2\/tags?post=1739"}],"curies":[{"name":"wp","href":"https:\/\/api.w.org\/{rel}","templated":true}]}}