{"id":1636,"date":"2025-05-23T11:21:27","date_gmt":"2025-05-23T09:21:27","guid":{"rendered":"https:\/\/blog.entrapolis.com\/millora-la-comunicacio-postevent-que-pots-fer-despres-que-sacabi\/"},"modified":"2025-10-14T11:51:06","modified_gmt":"2025-10-14T09:51:06","slug":"millora-la-comunicacio-postevent-que-pots-fer-despres-que-sacabi","status":"publish","type":"post","link":"https:\/\/blog.entrapolis.com\/ca\/millora-la-comunicacio-postevent-que-pots-fer-despres-que-sacabi\/","title":{"rendered":"Millora la comunicaci\u00f3 post-esdeveniment: qu\u00e8 pots fer despr\u00e9s que s&#8217;acabi"},"content":{"rendered":"\n<p>Has dedicat setmanes o fins i tot mesos a organitzar el teu esdeveniment. Tot ha sortit b\u00e9, els assistents han gaudit\u2026 per\u00f2, i ara qu\u00e8? <\/p>\n\n\n\n<p>Molts organitzadors cometen l&#8217;error de desconnectar-se just quan comen\u00e7a la veritable oportunitat: <strong>el moment post-esdeveniment<\/strong>.<\/p>\n\n\n\n<p>S\u00ed, el teu esdeveniment ja s&#8217;ha acabat, per\u00f2 \u00e9s ara quan pots <strong>enfortir la relaci\u00f3 amb el teu p\u00fablic, mantenir el seu inter\u00e8s i fidelitzar-los per a futures edicions<\/strong>.<\/p>\n\n\n\n<p>Ara b\u00e9, \u00e9s important saber <strong>qu\u00e8 podeu comunicar i a qui<\/strong> segons la normativa legal i les funcionalitats d&#8217;Entrapolis.<\/p>\n\n\n\n<p>A continuaci\u00f3, descobrir\u00e0s estrat\u00e8gies \u00fatils i adaptades al marc actual per millorar la teva <strong>comunicaci\u00f3 post-esdeveniment<\/strong>, amb exemples pr\u00e0ctics i respectant les condicions d&#8217;\u00fas i privadesa.<\/p>\n\n\n\n<h2 class=\"wp-block-heading\">Per qu\u00e8 \u00e9s tan important la comunicaci\u00f3 despr\u00e9s de l&#8217;esdeveniment?<\/h2>\n\n\n\n<p>La <strong>comunicaci\u00f3 post-esdeveniment<\/strong> no \u00e9s un simple \u201cgr\u00e0cies per venir\u201d. \u00c9s la clau per convertir assistents en fans i fans en promotors.<\/p>\n\n\n\n<p>A m\u00e9s, permet:<\/p>\n\n\n\n<ul class=\"wp-block-list\">\n<li><strong>Obtenir feedback<\/strong> valu\u00f3s per millorar.<\/li>\n\n\n\n<li><strong>Refor\u00e7ar la imatge de marca<\/strong> com a organitzador.<\/li>\n\n\n\n<li><strong>Preparar el terreny<\/strong> per a pr\u00f2xims esdeveniments.<\/li>\n\n\n\n<li><strong>Generar una comunitat fidel<\/strong> al voltant de la teva marca o proposta cultural.<\/li>\n\n\n\n<li><strong>Mantenir viu l&#8217;inter\u00e8s<\/strong> del teu projecte.<\/li>\n<\/ul>\n\n\n\n<p>Dit d&#8217;una altra manera: l&#8217;esdeveniment crea l&#8217;impacte, per\u00f2 <strong>la comunicaci\u00f3 post-esdeveniment el converteix en una experi\u00e8ncia duradora<\/strong>.<\/p>\n\n\n\n<h2 class=\"wp-block-heading\">Primer pas: agraeix l&#8217;assist\u00e8ncia<\/h2>\n\n\n\n<p>Una de les millors maneres de mantenir el vincle emocional amb el p\u00fablic \u00e9s <strong>agrair la seva pres\u00e8ncia<\/strong>. Per\u00f2 no n&#8217;hi ha prou amb una frase gen\u00e8rica: personalitza el teu missatge, fes-ho proper i afegeix un detall de l&#8217;esdeveniment que en reforci el record.<\/p>\n\n\n\n<h3 class=\"wp-block-heading\">Com agrair als assistents d&#8217;un esdeveniment:<\/h3>\n\n\n\n<ul class=\"wp-block-list\">\n<li>Envia un <strong>correu electr\u00f2nic personalitzat<\/strong> poques hores o un dia despr\u00e9s.<\/li>\n\n\n\n<li>Inclou una <strong>imatge o v\u00eddeo resum<\/strong> de l&#8217;esdeveniment.<\/li>\n\n\n\n<li>Adjunta un <strong>descompte<\/strong> a la pr\u00f2xima activitat.<\/li>\n\n\n\n<li>Dona les gr\u00e0cies de forma <strong>sincera i directa<\/strong>.<\/li>\n<\/ul>\n\n\n\n<p>Pots fer-ho per email o a les teves xarxes socials. Si teniu fotos de l&#8217;esdeveniment, incloeu-les. Si tens testimonis, encara millor.<\/p>\n\n\n\n<h2 class=\"wp-block-heading\">Segon pas: demana feedback\u2026 per\u00f2 fes-ho f\u00e0cil<\/h2>\n\n\n\n<p>El <strong>seguiment despr\u00e9s d&#8217;un esdeveniment<\/strong> no ha de ser complex. De vegades, n&#8217;hi ha prou amb una enquesta de 3 preguntes clau:<\/p>\n\n\n\n<ol class=\"wp-block-list\">\n<li>Qu\u00e8 et va semblar?<\/li>\n\n\n\n<li>Quina puntuaci\u00f3 hi posaries?<\/li>\n\n\n\n<li>Deixa el teu comentari<\/li>\n<\/ol>\n\n\n\n<p>Fes-la breu i directa!<\/p>\n\n\n\n<p>Aix\u00f2 no nom\u00e9s us ajudar\u00e0 a millorar, sin\u00f3 que tamb\u00e9 demostra que us importa l&#8217;opini\u00f3 del p\u00fablic.<\/p>\n\n\n\n<h2 class=\"wp-block-heading\">Tercer pas: comparteix contingut post-esdeveniment<\/h2>\n\n\n\n<p>Les persones es volen veure reflectides en experi\u00e8ncies \u00faniques. Si comparteixes contingut visual de l&#8217;esdeveniment: <\/p>\n\n\n\n<ul class=\"wp-block-list\">\n<li>Augmentes la connexi\u00f3 emocional.<\/li>\n\n\n\n<li>Dones visibilitat als assistents.<\/li>\n\n\n\n<li>Generes contingut \u00fatil per a xarxes socials.<\/li>\n\n\n\n<li>Fas ganes d&#8217;assistir als qui se&#8217;l van perdre.<\/li>\n<\/ul>\n\n\n\n<p>Aqu\u00ed et deixem algunes idees!<\/p>\n\n\n\n<ul class=\"wp-block-list\">\n<li>Publica <strong>fotos o v\u00eddeos<\/strong> dels millors moments.<\/li>\n\n\n\n<li>Comparteix <strong>frases o idees destacades<\/strong>.<\/li>\n\n\n\n<li>Publica <strong>testimonis d&#8217;assistents<\/strong>.<\/li>\n\n\n\n<li>Crea un <strong>post o article resum<\/strong> del que es va viure.<\/li>\n<\/ul>\n\n\n\n<p>Aquest contingut es pot difondre per les teves <strong>xarxes socials<\/strong>, <strong>correu electr\u00f2nic<\/strong> o a la teva <strong>p\u00e0gina web<\/strong>. I no oblidis etiquetar col\u00b7laboradors o patrocinadors! Aix\u00f2 <strong>multiplica l&#8217;abast org\u00e0nic<\/strong>.<\/p>\n\n\n\n<h2 class=\"wp-block-heading\">Quart pas: prepara el terreny per a futures convocat\u00f2ries<\/h2>\n\n\n\n<p>No esperis a llan\u00e7ar el seg\u00fcent esdeveniment per tornar a parlar amb el teu p\u00fablic. Usa la comunicaci\u00f3 post-esdeveniment per a:<\/p>\n\n\n\n<ul class=\"wp-block-list\">\n<li>Explicar qu\u00e8 ve pr\u00f2ximament.<\/li>\n\n\n\n<li>Oferir una pre-venda exclusiva.<\/li>\n\n\n\n<li>Convidar-los a seguir-te en xarxes si no ho fan encara.<\/li>\n<\/ul>\n\n\n\n<p><strong>La idea \u00e9s mantenir l&#8217;enlla\u00e7 actiu sense ser invasiu.<\/strong><\/p>\n\n\n\n<h2 class=\"wp-block-heading\">Quin tipus de comunicacions post-esdeveniment estaran permeses a Entrapolis?<\/h2>\n\n\n\n<h3 class=\"wp-block-heading\">1. Correus puntuals a assistents (disponible aviat per a usuaris PRO)<\/h3>\n\n\n\n<p>A Entrapolis estem treballant perqu\u00e8 ben aviat els organitzadors amb <strong>Pla PRO<\/strong> puguin enviar correus puntuals als assistents d&#8217;un esdeveniment ja finalitzat, sempre que el contingut estigui directament relacionat amb la gesti\u00f3 d&#8217;aquest esdeveniment.<\/p>\n\n\n\n<p>Per exemple, es podr\u00e0 utilitzar per a:<\/p>\n\n\n\n<ul class=\"wp-block-list\">\n<li>Agrair l&#8217;assist\u00e8ncia.<\/li>\n\n\n\n<li>Sol\u00b7licitar <strong>feedback<\/strong> sobre l&#8217;experi\u00e8ncia viscuda.<br><\/li>\n<\/ul>\n\n\n\n<p>Aquest tipus de comunicacions han d&#8217;estar justificades i vinculades a l&#8217;esdeveniment adquirit. I, per normativa legal, <strong>no<\/strong> es podran fer servir per promocionar esdeveniments futurs si l&#8217;assistent no ha acceptat expressament rebre comunicacions comercials de l&#8217;organitzador. <\/p>\n\n\n\n<p>Aquesta funcionalitat encara <strong>no est\u00e0 disponible<\/strong>, per\u00f2 arribar\u00e0 molt aviat. Ser\u00e0 una eina molt \u00fatil per millorar l&#8217;experi\u00e8ncia post-esdeveniment i refor\u00e7ar l&#8217;enlla\u00e7 amb el p\u00fablic. T&#8217;explicarem totes les novetats ben aviat!<\/p>\n\n\n\n<p>Recorda: la <strong>comunicaci\u00f3 post-esdeveniment<\/strong> \u00e9s la millor manera de continuar connectat amb el teu p\u00fablic i construir una relaci\u00f3 a llarg termini.<\/p>\n\n\n\n<p>No ho deixis en silenci. Fes servir aquest moment per agrair, aprendre, compartir i fidelitzar. <\/p>\n\n\n\n<p>Cada esdeveniment \u00e9s una oportunitat de cr\u00e9ixer, i la feina no acaba quan se&#8217;n van els assistents. Comen\u00e7a aqu\u00ed! <\/p>\n","protected":false},"excerpt":{"rendered":"<p>Has dedicat setmanes o fins i tot mesos a organitzar el teu esdeveniment. Tot ha sortit b\u00e9, els assistents han gaudit\u2026 per\u00f2, i ara qu\u00e8? Molts organitzadors cometen l&#8217;error de desconnectar-se just quan comen\u00e7a la veritable oportunitat: el moment post-esdeveniment. S\u00ed, el teu esdeveniment ja s&#8217;ha acabat, per\u00f2 \u00e9s ara quan pots enfortir la relaci\u00f3 [&hellip;]<\/p>\n","protected":false},"author":1,"featured_media":1390,"comment_status":"open","ping_status":"open","sticky":false,"template":"","format":"standard","meta":{"_seopress_robots_primary_cat":"","_seopress_titles_title":"","_seopress_titles_desc":"","_seopress_robots_index":"","footnotes":""},"categories":[1],"tags":[22],"class_list":["post-1636","post","type-post","status-publish","format-standard","has-post-thumbnail","hentry","category-general","tag-organizadores-ca"],"_links":{"self":[{"href":"https:\/\/blog.entrapolis.com\/ca\/wp-json\/wp\/v2\/posts\/1636","targetHints":{"allow":["GET"]}}],"collection":[{"href":"https:\/\/blog.entrapolis.com\/ca\/wp-json\/wp\/v2\/posts"}],"about":[{"href":"https:\/\/blog.entrapolis.com\/ca\/wp-json\/wp\/v2\/types\/post"}],"author":[{"embeddable":true,"href":"https:\/\/blog.entrapolis.com\/ca\/wp-json\/wp\/v2\/users\/1"}],"replies":[{"embeddable":true,"href":"https:\/\/blog.entrapolis.com\/ca\/wp-json\/wp\/v2\/comments?post=1636"}],"version-history":[{"count":0,"href":"https:\/\/blog.entrapolis.com\/ca\/wp-json\/wp\/v2\/posts\/1636\/revisions"}],"wp:featuredmedia":[{"embeddable":true,"href":"https:\/\/blog.entrapolis.com\/ca\/wp-json\/wp\/v2\/media\/1390"}],"wp:attachment":[{"href":"https:\/\/blog.entrapolis.com\/ca\/wp-json\/wp\/v2\/media?parent=1636"}],"wp:term":[{"taxonomy":"category","embeddable":true,"href":"https:\/\/blog.entrapolis.com\/ca\/wp-json\/wp\/v2\/categories?post=1636"},{"taxonomy":"post_tag","embeddable":true,"href":"https:\/\/blog.entrapolis.com\/ca\/wp-json\/wp\/v2\/tags?post=1636"}],"curies":[{"name":"wp","href":"https:\/\/api.w.org\/{rel}","templated":true}]}}