{"id":1445,"date":"2025-07-24T11:06:05","date_gmt":"2025-07-24T09:06:05","guid":{"rendered":"https:\/\/blog.entrapolis.com\/gestionar-comentarios-negativos\/"},"modified":"2025-07-24T11:53:56","modified_gmt":"2025-07-24T09:53:56","slug":"gestionar-comentarios-negativos","status":"publish","type":"post","link":"https:\/\/blog.entrapolis.com\/ca\/gestionar-comentarios-negativos\/","title":{"rendered":"Qu\u00e8 fer quan critiquen el teu esdeveniment (i com sortir-ne refor\u00e7at)"},"content":{"rendered":"\n<p>Has invertit setmanes (o mesos) organitzant un esdeveniment i, malgrat tot l\u2019esfor\u00e7, reps una opini\u00f3 negativa? Pot fer mal. Per\u00f2 no cal que es converteixi en una crisi. Saber<strong> gestionar opinions negatives sobre un esdeveniment<\/strong> \u00e9s clau per protegir la teva reputaci\u00f3 i, el que \u00e9s m\u00e9s important, per aprendre i millorar en futures edicions.<\/p>\n\n\n\n<p>Gestionar cr\u00edtiques no sempre \u00e9s f\u00e0cil, per\u00f2 s\u00ed imprescindible. Una mala opini\u00f3 pot fer mal a la teva imatge si no saps respondre a temps. Per aix\u00f2, en aquesta guia pr\u00e0ctica et compartim consells reals i estrat\u00e8gies per transformar comentaris negatius en oportunitats de millora i confian\u00e7a.<\/p>\n\n\n\n<h2 class=\"wp-block-heading\">Cr\u00edtiques en esdeveniments: tard o d\u2019hora arribaran<\/h2>\n\n\n\n<p>Ning\u00fa vol rebre-les, per\u00f2 tothom les rep. Ja sigui per una cua massa llarga, problemes t\u00e8cnics, expectatives no complertes o fins i tot per causes externes (el temps, un artista que cancel\u00b7la, etc.), <strong>els comentaris negatius a xarxes socials d\u2019esdeveniments<\/strong> s\u00f3n inevitables.<\/p>\n\n\n\n<p>A m\u00e9s, com m\u00e9s gran \u00e9s l\u2019esdeveniment i m\u00e9s p\u00fablic arriba, m\u00e9s gran \u00e9s tamb\u00e9 la probabilitat que aparegui alguna cr\u00edtica. A vegades n\u2019hi ha prou amb un petit error per desencadenar un fil de queixes que pot afectar la percepci\u00f3 general de l\u2019esdeveniment.<\/p>\n\n\n\n<p>Per aix\u00f2, l\u2019important no \u00e9s evitar-les a qualsevol preu, sin\u00f3 <strong>saber com respondre-les<\/strong> de manera que t\u2019ajudi a cr\u00e9ixer i no faci mal a la teva imatge. La clau \u00e9s actuar amb rapidesa, empatia i visi\u00f3 a llarg termini.<\/p>\n\n\n\n<h2 class=\"wp-block-heading\">Pas 1: Escolta abans de reaccionar<\/h2>\n\n\n\n<p>Abans de respondre:<\/p>\n\n\n\n<ul class=\"wp-block-list\">\n<li>Llegeix atentament el comentari.<\/li>\n\n\n\n<li>Comprova si \u00e9s una cr\u00edtica puntual o compartida per diverses persones.<\/li>\n\n\n\n<li>Avalua si \u00e9s una opini\u00f3 subjectiva o hi ha un problema real que has de solucionar.<\/li>\n<\/ul>\n\n\n\n<p><strong>Evita respondre amb presses o de manera emocional<\/strong>. Agraeix que hagin compartit la seva experi\u00e8ncia, fins i tot si no \u00e9s positiva. Recorda que cada comentari pot oferir una perspectiva valuosa sobre com van viure l\u2019esdeveniment els teus assistents.<\/p>\n\n\n\n<p>Exemple de resposta emp\u00e0tica: <em>\u201cLamentem molt que la teva experi\u00e8ncia no hagi estat l\u2019esperada. Agra\u00efm el teu comentari i el tindrem molt en compte per millorar en la pr\u00f2xima edici\u00f3\u201d.<\/em><\/p>\n\n\n\n<p>Escoltar b\u00e9 implica tamb\u00e9 recopilar informaci\u00f3 interna: pregunta a l\u2019equip qu\u00e8 va passar, revisa les dades i assegura\u2019t que la teva resposta est\u00e0 ben fonamentada.<\/p>\n\n\n\n<h2 class=\"wp-block-heading\">Pas 2: Respon en p\u00fablic (per\u00f2 amb seny)<\/h2>\n\n\n\n<p>Sempre que sigui possible, respon de forma p\u00fablica (comentari o missatge directe visible), especialment si la cr\u00edtica s\u2019ha fet en una xarxa social. Aix\u00f2 demostra transpar\u00e8ncia i refor\u00e7a la confian\u00e7a de la teva comunitat.<\/p>\n\n\n\n<p>Si et mostres disposat a dialogar i donar la cara, dones exemple i envies un missatge de professionalitat. Aix\u00f2 s\u00ed, mant\u00e9 sempre un to amable i evita confrontacions.<\/p>\n\n\n\n<p>Si l\u2019assumpte \u00e9s molt espec\u00edfic, convida a continuar la conversa en privat:<\/p>\n\n\n\n<p><em>&#8220;Gr\u00e0cies per compartir la teva experi\u00e8ncia. Ens agradaria con\u00e8ixer m\u00e9s detalls per poder ajudar-te millor. Escriu-nos per privat i ho revisem amb tu&#8221;.<\/em><\/p>\n\n\n\n<p>Tamb\u00e9 pots oferir una via directa de contacte: email personalitzat, tel\u00e8fon d\u2019atenci\u00f3, o un formulari de queixes i suggeriments.<\/p>\n\n\n\n<h2 class=\"wp-block-heading\">Pas 3: Apr\u00e8n del que et diuen<\/h2>\n\n\n\n<p>Cada comentari \u00e9s una font d\u2019informaci\u00f3. Encara que faci mal, pot ajudar-te a detectar:<\/p>\n\n\n\n<ul class=\"wp-block-list\">\n<li>Problemes log\u00edstics que no vas veure venir.<\/li>\n\n\n\n<li>Errors en la comunicaci\u00f3 pr\u00e8via a l\u2019esdeveniment.<\/li>\n\n\n\n<li>Aspectes de l\u2019experi\u00e8ncia de l\u2019assistent que pots millorar.<\/li>\n<\/ul>\n\n\n\n<p>Recull les cr\u00edtiques despr\u00e9s de l\u2019esdeveniment i revisa-les amb el teu equip. Utilitza les opinions per fer un informe i aplicar millores reals.<\/p>\n\n\n\n<p>Pots categoritzar els comentaris per temes (acc\u00e9s, menjar, horaris, atenci\u00f3 al client, etc.) i prioritzar els m\u00e9s repetits. Aix\u00f2 t\u2019ajudar\u00e0 a enfocar esfor\u00e7os i justificar canvis en properes edicions.<\/p>\n\n\n\n<p>A m\u00e9s, si mostres que est\u00e0s disposat a millorar gr\u00e0cies a les cr\u00edtiques, guanyar\u00e0s respecte i fidelitat per part de la teva comunitat.<\/p>\n\n\n\n<h2 class=\"wp-block-heading\">Quan respondre i quan ignorar<\/h2>\n\n\n\n<p>No tots els comentaris mereixen una resposta. Si es tracta de missatges ofensius, t\u00f2xics o clarament malintencionats:<\/p>\n\n\n\n<ul class=\"wp-block-list\">\n<li>No hi entris.<\/li>\n\n\n\n<li>Bloqueja o denuncia si cal.<\/li>\n<\/ul>\n\n\n\n<p>La teva energia s\u2019ha de centrar en qui realment est\u00e0 disposat a dialogar o aportar cr\u00edtica constructiva.<\/p>\n\n\n\n<p>Aix\u00f2 no vol dir ignorar tot el que \u00e9s negatiu, sin\u00f3 saber distingir entre una cr\u00edtica \u00fatil i un atac sense fonament. Per exemple:<\/p>\n\n\n\n<ul class=\"wp-block-list\">\n<li>Si el comentari utilitza un llenguatge irrespectu\u00f3s, desqualificatiu o insultant, el millor \u00e9s no respondre.<\/li>\n\n\n\n<li>Si detectes <em>trolls <\/em>(usuaris que nom\u00e9s busquen generar conflicte), evita entrar en discussions p\u00fabliques.<\/li>\n<\/ul>\n\n\n\n<p>A vegades, la millor resposta \u00e9s no donar visibilitat a l\u2019atac. Per\u00f2 si creus que pot generar confusi\u00f3 en altres usuaris, pots respondre amb una frase breu i neutra, aclarint els fets sense confrontaci\u00f3.<\/p>\n\n\n\n<p>Exemple:<em> \u201cAquest espai est\u00e0 pensat per a comentaris constructius. Si tens una consulta concreta, estarem encantats d\u2019ajudar-te per missatge privat&#8221;.<\/em><\/p>\n\n\n\n<p><strong>Recorda<\/strong>: la teva reputaci\u00f3 tamb\u00e9 es protegeix sabent quan retirar-se amb eleg\u00e0ncia.<\/p>\n\n\n\n<h2 class=\"wp-block-heading\">Prevenci\u00f3: millor abans que curar<\/h2>\n\n\n\n<p>La <strong>gesti\u00f3 de reputaci\u00f3 per a organitzadors d\u2019esdeveniments<\/strong> comen\u00e7a molt abans de l\u2019esdeveniment. Com m\u00e9s clar sigui el canal de comunicaci\u00f3 i m\u00e9s previsi\u00f3 hi hagi davant possibles incid\u00e8ncies, m\u00e9s f\u00e0cil ser\u00e0 prevenir malentesos.<\/p>\n\n\n\n<p>Algunes recomanacions per anticipar-se:<\/p>\n\n\n\n<ul class=\"wp-block-list\">\n<li>Dissenya un pla d\u2019atenci\u00f3 a l\u2019assistent des del primer moment, incloent-hi com gestionar dubtes o reclamacions.<\/li>\n\n\n\n<li>Comunica des de l\u2019inici tota la informaci\u00f3 rellevant: horaris, ubicaci\u00f3 exacta, accessos, condicions de compra i devolucions, normes de l\u2019esdeveniment, etc.<\/li>\n\n\n\n<li>Si hi ha possibles imprevistos (esdeveniments a l\u2019aire lliure, activitats dependents del clima, assist\u00e8ncia d\u2019artistes\u2026), tingues preparat un protocol clar i comunica\u2019l per endavant.<\/li>\n\n\n\n<li>Utilitza diversos canals (email, xarxes, web) perqu\u00e8 la informaci\u00f3 arribi a tothom. No tot el p\u00fablic consulta les mateixes plataformes.<\/li>\n\n\n\n<li>Publica actualitzacions en temps real, si cal, i assegura\u2019t que el p\u00fablic s\u00e0piga on consultar la darrera informaci\u00f3 oficial.<\/li>\n<\/ul>\n\n\n\n<p>Un assistent ben informat sap qu\u00e8 esperar i com actuar davant un canvi, cosa que redueix el risc de malestar, cr\u00edtiques precipitades i conflictes innecessaris.<\/p>\n\n\n\n<h2 class=\"wp-block-heading\">Cr\u00edtiques a xarxes socials: bones pr\u00e0ctiques<\/h2>\n\n\n\n<p>Quan rebis <strong>comentaris negatius a xarxes socials d\u2019esdeveniments<\/strong>, segueix aquestes pautes per protegir la teva imatge:<\/p>\n\n\n\n<ol class=\"wp-block-list\">\n<li><strong>Actua de pressa per\u00f2 amb calma<\/strong>. Respon com m\u00e9s aviat millor, per\u00f2 sense precipitar-te. Una resposta impulsiva pot empitjorar la situaci\u00f3.<\/li>\n\n\n\n<li><strong>Mai esborris cr\u00edtiques, tret que siguin ofensives o correu brossa<\/strong>. Eliminar comentaris leg\u00edtims pot generar encara m\u00e9s malestar i desconfian\u00e7a.<\/li>\n\n\n\n<li><strong>Utilitza un to proper i professional<\/strong>. Demostra que escoltes i que t\u2019importa el que diu l\u2019usuari.<\/li>\n\n\n\n<li><strong>Evita respostes autom\u00e0tiques<\/strong>. Personalitza els teus missatges. La gent se n&#8217;adona si \u00e9s un \u201ccopia i enganxa\u201d i aix\u00f2 resta credibilitat.<\/li>\n\n\n\n<li><strong>Resol en privat, per\u00f2 agraeix en p\u00fablic<\/strong>. Si continues la conversa per missatge directe, deixa const\u00e0ncia p\u00fablica de la teva voluntat de resoldre.<\/li>\n<\/ol>\n\n\n\n<p>Exemple:<em> \u201cGr\u00e0cies pel teu comentari. Escriu-nos per privat per poder ajudar-te millor. Volem que tinguis una bona experi\u00e8ncia amb nosaltres.\u201d<\/em><\/p>\n\n\n\n<ol start=\"6\" class=\"wp-block-list\">\n<li><strong>Monitoritza activament les teves xarxes<\/strong>. Utilitza eines d\u2019escolta social per detectar comentaris en temps real i respondre amb agilitat.<\/li>\n<\/ol>\n\n\n\n<h2 class=\"wp-block-heading\">I si la cr\u00edtica es fa viral\u2026<\/h2>\n\n\n\n<p>A vegades, una queixa es comparteix centenars de vegades i el dany reputacional creix. En aquests casos:<\/p>\n\n\n\n<ul class=\"wp-block-list\">\n<li>Publica un comunicat oficial als teus canals principals.<\/li>\n\n\n\n<li>Explica el que ha passat de forma clara, sense embuts.<\/li>\n\n\n\n<li>Assumeix errors si n\u2019hi ha hagut i proposa solucions tangibles.<\/li>\n\n\n\n<li>Informa de mesures que prendr\u00e0s per evitar que torni a passar. Per exemple: canvis en prove\u00efdors, refor\u00e7 del personal o millora en la log\u00edstica.<\/li>\n<\/ul>\n\n\n\n<p>La <strong>transpar\u00e8ncia \u00e9s la teva millor aliada<\/strong>. Un error ben gestionat pot fins i tot refor\u00e7ar la teva imatge com a organitzaci\u00f3 responsable i compromesa amb la seva comunitat.<\/p>\n\n\n\n<h2 class=\"wp-block-heading\">Converteix els comentaris negatius en reputaci\u00f3 positiva<\/h2>\n\n\n\n<p>Respondre b\u00e9 a una cr\u00edtica pot generar confian\u00e7a. Molts usuaris valoren m\u00e9s una marca que dona la cara i busca solucions, que una que nom\u00e9s mostra la part bonica.<\/p>\n\n\n\n<p>Exemple:<em> \u201cGr\u00e0cies pel teu comentari. Entenem el teu malestar i estem treballant per solucionar-ho. De fet, ja hem pres mesures i t\u2019agra\u00efm per ajudar-nos a detectar el problema.\u201d<\/em><\/p>\n\n\n\n<p>A m\u00e9s, quan altres assistents veuen que saps <strong>gestionar opinions negatives sobre un esdeveniment<\/strong> amb professionalitat, \u00e9s m\u00e9s probable que confi\u00efn en la teva marca en el futur.<\/p>\n\n\n\n<h2 class=\"wp-block-heading\">Fes seguiment i comunica millores<\/h2>\n\n\n\n<p>Si implementes canvis a partir de cr\u00edtiques, <strong>comunica-ho activament<\/strong>. Pots fer-ho al teu web, xarxes socials, durant l\u2019esdeveniment seg\u00fcent o a la teva pr\u00f2xima newsletter:<\/p>\n\n\n\n<p><em>&#8220;Despr\u00e9s dels comentaris rebuts, aquest any hem millorat el sistema d\u2019acc\u00e9s per evitar cues innecess\u00e0ries. Gr\u00e0cies per ajudar-nos a millorar.&#8221;<\/em><\/p>\n\n\n\n<p>Aix\u00f2 demostra que escoltes i que realment t\u2019importa l\u2019experi\u00e8ncia de l\u2019assistent. A m\u00e9s, enforteix la teva <strong>gesti\u00f3 de reputaci\u00f3 com a organitzador d\u2019esdeveniments<\/strong> i crea un vincle de confian\u00e7a amb la teva comunitat.<\/p>\n\n\n\n<p>Tamb\u00e9 pots incloure aquestes millores a les teves campanyes de m\u00e0rqueting per email com a valor afegit per a futurs assistents.<\/p>\n\n\n\n<p>No pots controlar el que diuen del teu esdeveniment, per\u00f2 s\u00ed com respons.<\/p>\n\n\n\n<p>Saber<strong> gestionar opinions negatives sobre un esdeveniment<\/strong> no nom\u00e9s protegeix la teva reputaci\u00f3, sin\u00f3 que t\u2019ajuda a cr\u00e9ixer com a organitzador. Escoltar, respondre amb respecte i millorar s\u00f3n claus per fidelitzar el teu p\u00fablic i construir una comunitat lleial. Aix\u00ed que la pr\u00f2xima vegada que arribi un comentari negatiu, respira fondo i recorda: <strong>no \u00e9s el final del m\u00f3n. Pot ser l\u2019inici d\u2019alguna cosa millor.<\/strong><\/p>\n","protected":false},"excerpt":{"rendered":"<p>Has invertit setmanes (o mesos) organitzant un esdeveniment i, malgrat tot l\u2019esfor\u00e7, reps una opini\u00f3 negativa? Pot fer mal. Per\u00f2 no cal que es converteixi en una crisi. Saber gestionar opinions negatives sobre un esdeveniment \u00e9s clau per protegir la teva reputaci\u00f3 i, el que \u00e9s m\u00e9s important, per aprendre i millorar en futures edicions. [&hellip;]<\/p>\n","protected":false},"author":1,"featured_media":1442,"comment_status":"open","ping_status":"open","sticky":false,"template":"","format":"standard","meta":{"_seopress_robots_primary_cat":"","_seopress_titles_title":"","_seopress_titles_desc":"","_seopress_robots_index":"","footnotes":""},"categories":[1],"tags":[22],"class_list":["post-1445","post","type-post","status-publish","format-standard","has-post-thumbnail","hentry","category-general","tag-organizadores-ca"],"_links":{"self":[{"href":"https:\/\/blog.entrapolis.com\/ca\/wp-json\/wp\/v2\/posts\/1445","targetHints":{"allow":["GET"]}}],"collection":[{"href":"https:\/\/blog.entrapolis.com\/ca\/wp-json\/wp\/v2\/posts"}],"about":[{"href":"https:\/\/blog.entrapolis.com\/ca\/wp-json\/wp\/v2\/types\/post"}],"author":[{"embeddable":true,"href":"https:\/\/blog.entrapolis.com\/ca\/wp-json\/wp\/v2\/users\/1"}],"replies":[{"embeddable":true,"href":"https:\/\/blog.entrapolis.com\/ca\/wp-json\/wp\/v2\/comments?post=1445"}],"version-history":[{"count":0,"href":"https:\/\/blog.entrapolis.com\/ca\/wp-json\/wp\/v2\/posts\/1445\/revisions"}],"wp:featuredmedia":[{"embeddable":true,"href":"https:\/\/blog.entrapolis.com\/ca\/wp-json\/wp\/v2\/media\/1442"}],"wp:attachment":[{"href":"https:\/\/blog.entrapolis.com\/ca\/wp-json\/wp\/v2\/media?parent=1445"}],"wp:term":[{"taxonomy":"category","embeddable":true,"href":"https:\/\/blog.entrapolis.com\/ca\/wp-json\/wp\/v2\/categories?post=1445"},{"taxonomy":"post_tag","embeddable":true,"href":"https:\/\/blog.entrapolis.com\/ca\/wp-json\/wp\/v2\/tags?post=1445"}],"curies":[{"name":"wp","href":"https:\/\/api.w.org\/{rel}","templated":true}]}}